{"id":2267,"date":"2024-03-22T00:07:03","date_gmt":"2024-03-21T21:07:03","guid":{"rendered":"https:\/\/optometrija.lv\/?p=2267"},"modified":"2024-03-22T00:07:03","modified_gmt":"2024-03-21T21:07:03","slug":"atskats-uz-looa-valdes-sedi-19-03-2024","status":"publish","type":"post","link":"https:\/\/optometrija.lv\/?p=2267","title":{"rendered":"Atskats uz LOOA valdes s\u0113di 19.03.2024."},"content":{"rendered":"\n<p>2024. gada 19. mart\u0101 notika k\u0101rt\u0113j\u0101 LOOA valdes s\u0113de.<\/p>\n\n\n\n<p><strong>Darba k\u0101rt\u012bba:<\/strong><\/p>\n\n\n\n<ol class=\"wp-block-list\">\n<li>Paveiktais kop\u0161 iepriek\u0161\u0113j\u0101s valdes s\u0113des<\/li>\n\n\n\n<li>Jaun\u0101 LOOA m\u0101jas lapa<\/li>\n\n\n\n<li>IZM v\u0113stule par profesion\u0101l\u0101s kvalifik\u0101cijas atz\u012b\u0161anas jaut\u0101jumiem<\/li>\n\n\n\n<li>Noteikumu projekts par \u0101rstniec\u012bbas personu kompetenci<\/li>\n\n\n\n<li>Bri\u013c\u013cu ekspert\u012bzes pakalpojuma pied\u0101v\u0101\u0161ana<\/li>\n\n\n\n<li>Da\u017e\u0101di<\/li>\n<\/ol>\n\n\n\n<p><strong>1. Paveiktais kop\u0161 iepriek\u0161\u0113j\u0101s valdes s\u0113des<\/strong><\/p>\n\n\n\n<p>Aizpild\u012bta starptautiska anketa par att\u0101lin\u0101to redzes p\u0101rbau\u017eu veik\u0161anu Latvij\u0101, LOOA biedriem p\u0101rs\u016bt\u012bta anketa par optometristu m\u0101jviz\u012b\u0161u praksi Latvij\u0101. Turpin\u0101ts darbs pie LOOA 30. kongresa organiz\u0113\u0161anas. LOOA biedriem izs\u016bt\u012bts optikas darb\u012bbas noteikumu projekts izskat\u012b\u0161anai pirms lem\u0161anas par t\u0101 n\u0101kotni kongres\u0101. Valdes p\u0101rst\u0101ve Aija Makovska piedal\u012bj\u0101s EAOO (Eiropas Optometrijas un optikas akad\u0113mijas) \u201cAkad\u0113mijas stundas\u201d tie\u0161saistes semin\u0101r\u0101 \u201cExploring the Significance of Evidence Based Practice (EBP)\u201d.<\/p>\n\n\n\n<p><strong>2. Jaun\u0101 LOOA m\u0101jas lapa<\/strong><\/p>\n\n\n\n<p>Pag\u0101ju\u0161aj\u0101 ned\u0113\u013c\u0101 darbu uzs\u0101kusi LOOA m\u0101jas lapas atjaunot\u0101 versija. Saglab\u0101ts dom\u0113ns, ta\u010du lapa ieguvusi jaunu izskatu un strukt\u016bru, t\u0101 papildin\u0101ta ar SSL sertifik\u0101tu. Valde diskut\u0113 par redzes apr\u016bpes un optkas nozares notikumiem, kurus v\u0113l noteikti vajadz\u0113tu iek\u013caut notikumu kalend\u0101r\u0101. LOOA biedri ar\u012b laipni aicin\u0101ti uz LOOA e-pastu looasociacija@gmail.com nos\u016bt\u012bt inform\u0101ciju par noder\u012bgiem t\u0101l\u0101kizgl\u012bt\u012bbas pas\u0101kumiem, semin\u0101riem, apm\u0101c\u012bb\u0101m, konferenc\u0113m utt. Latvij\u0101 un \u0101rpus t\u0101s robe\u017e\u0101m, par kur\u0101m kol\u0113\u0123iem b\u016btu v\u0113rts uzzin\u0101t, un \u0161\u012b inform\u0101cija tiks pievienota m\u0101jas lapas notikumu kalend\u0101ram.<\/p>\n\n\n\n<p><strong>3. IZM v\u0113stule par profesion\u0101l\u0101s kvalifik\u0101cijas atz\u012b\u0161anas jaut\u0101jumiem<\/strong><\/p>\n\n\n\n<p>LOOA sa\u0146\u0113ma e-pasta v\u0113stuli no Izgl\u012bt\u012bbas un zin\u0101tnes ministrijas par profesion\u0101lo kvalifik\u0101ciju atz\u012b\u0161anas aktu\u0101lajiem jaut\u0101jumiem. V\u0113stul\u0113 ir aicin\u0101jums zi\u0146ot IZM par gad\u012bjumiem, ja ir konstat\u0113tas probl\u0113mas Administrat\u012bv\u0101 procesa likuma D da\u013cas piem\u0113ro\u0161an\u0101 attiec\u012bb\u0101 uz \u0101rvalst\u012bs ieg\u016btas profesion\u0101l\u0101s kvalifik\u0101cijas atz\u012b\u0161anu. LOOA Kvalifik\u0101cijas padomei t\u0101du probl\u0113mu nav bijis.<\/p>\n\n\n\n<p>V\u0113l tiek zi\u0146ots, ka 2024.\u00a0gada apr\u012bl\u012b Eiropas Komisija pl\u0101no tie\u0161saist\u0113 veikt m\u0101c\u012bbas par Reglament\u0113to profesiju datu b\u0101zes jaun\u0101s versijas, kas turpm\u0101k atrad\u012bsies IMI sist\u0113mas vid\u0113, lieto\u0161anu. \u0160aj\u0101s apm\u0101c\u012bb\u0101s LOOA p\u0101st\u0101v\u0113s Kvalifik\u0101cijas padomes priek\u0161s\u0113d\u0113t\u0101ja Evita Kassaliete.<\/p>\n\n\n\n<p><strong>4. Noteikumu projekts par \u0101rstniec\u012bbas personu kompetenci<\/strong><\/p>\n\n\n\n<p>2024. gada 13. mart\u0101 tika sa\u0146emta v\u0113stule no Vesel\u012bbas ministrijas p\u0101rst\u0101ves Daces Rogas par noteikumu projektu par \u0101rstniec\u012bbas personu kompetenci. Saska\u0146\u0101 ar groz\u012bjumiem \u0100rstniec\u012bbas likum\u0101 ir nepiecie\u0161ams izdot no jauna MK noteikumus par \u0101rstniec\u012bbas personu kompetenci. Vesel\u012bbas ministrija ir izstr\u0101d\u0101jusi Ministru kabineta noteikumu projektu &#8220;Noteikumi par \u0101rstniec\u012bbas personu un stud\u0113jo\u0161o, kuri apg\u016bst medic\u012bnisk\u0101s izgl\u012bt\u012bbas programmas, kompetenci \u0101rstniec\u012bb\u0101 un \u0161o personu teor\u0113tisko un praktisko zin\u0101\u0161anu apjomu&#8221; (23-TA-3092).<\/p>\n\n\n\n<p>Ir ats\u016bt\u012bta saite uz noteikumu projektu un aicin\u0101jums priek\u0161likumu, iebildumu gad\u012bjum\u0101, nos\u016bt\u012bt zi\u0146u Vesel\u012bbas ministrijai l\u012bdz 26. martam.<\/p>\n\n\n\n<p>Attiec\u012bb\u0101 uz optometristiem Vesel\u012bbas ministrijas ieskat\u0101 aktualit\u0101ti ir zaud\u0113jis punkts par otr\u0101 l\u012bme\u0146a profesion\u0101l\u0101s augst\u0101k\u0101s izgl\u012bt\u012bbas programmu &#8220;Optometrija&#8221; vismaz viena gada (vismaz 40 kred\u012btpunkti) apjom\u0101 ar optometrista kvalifik\u0101ciju, jo \u0161\u0101d\u0101 studiju programm\u0101 vairs optometristi nestud\u0113. Ta\u010du pirms m\u016bsdien\u0101s aktu\u0101l\u0101s profesion\u0101l\u0101 ma\u0123istra studiju programmas optometrista kvalifik\u0101ciju p\u0113c 4 gadus ilg\u0101m bakalaura studij\u0101m var\u0113ja apg\u016bt 1 un p\u0113c tam 1,5 gadu ilg\u0101s profesion\u0101laj\u0101s studij\u0101s.<\/p>\n\n\n\n<p>LOOA valde raudz\u012bsies, lai noteikumu groz\u012bjumu rezult\u0101t\u0101 netiktu rad\u012bti nek\u0101di sare\u017e\u0123\u012bjumi da\u017e\u0101do v\u0113sturisko optometrijas studiju formu absolventiem.<\/p>\n\n\n\n<p><strong>5. Bri\u013c\u013cu ekspert\u012bzes pakalpojuma pied\u0101v\u0101\u0161ana<\/strong><\/p>\n\n\n\n<p>LOOA e-past\u0101 tika sa\u0146emts jaut\u0101jums no k\u0101das bri\u013c\u013cu pirc\u0113jas par neatkar\u012bgas ekspert\u012bzes veik\u0161anu brill\u0113m, kuras vi\u0146ai rada diskomfortu. Karola Panke k\u0101 \u0112tikas komisijas priek\u0161s\u0113d\u0113t\u0101ja sagatavoja izsme\u013co\u0161u atbildi no LOOA puses par iesp\u0113jamajiem probl\u0113mu iemesliem un pied\u0101v\u0101jumu veikt neatkar\u012bgu \u0161o bri\u013c\u013cu ekspert\u012bzi. Pag\u0101ju\u0161aj\u0101 gad\u0101 ar\u012b LOOA sa\u0146\u0113ma k\u0101da klienta l\u016bgumu veikt bri\u013c\u013cu ekspert\u012bzi, ko kas no LOOA puses tika noorganiz\u0113ta.<\/p>\n\n\n\n<p>Abos gad\u012bjumos ekspert\u012bzes tika veiktas bez maksas, ta\u010du rodas jaut\u0101jums \u2013 vai mums nevajadz\u0113tu noz\u012bm\u0113t kompetentas personas no da\u017e\u0101diem uz\u0146\u0113mumiem, kas veiktu neatkar\u012bg\u0101s ekspert\u012bzes. K\u0101 ar\u012b noteikt cenu par \u0161\u0101du pakalpojumu LOOA cenr\u0101d\u012b. <\/p>\n\n\n\n<p>Valde nol\u0113ma:<\/p>\n\n\n\n<ul class=\"wp-block-list\">\n<li>L\u012bdz n\u0101kamajai valdes s\u0113dei veikt tirgus situ\u0101cijas izp\u0113ti, lai noskaidrotu, k\u0101da var\u0113tu b\u016bt aptuven\u0101 ekspert\u012bzes cena.<\/li>\n\n\n\n<li>Uzrun\u0101t vair\u0101kus potenci\u0101los ekspertus no da\u017e\u0101diem uz\u0146\u0113mumiem.<\/li>\n<\/ul>\n\n\n\n<p><strong>6. Da\u017e\u0101di<\/strong><\/p>\n\n\n\n<p>Sa\u0146emts un apstiprin\u0101ts 1 LOOA biedra atjauno\u0161an\u0101s un 2 jauno LOOA biedru iesniegumi, t\u0101d\u0113j\u0101di par 3 person\u0101m papildinot asoci\u0101cijas sabiedr\u012bbu.<\/p>\n\n\n\n<p><strong>N\u0101kam\u0101 s\u0113de<\/strong> notiks 2024. gada 16. apr\u012bl\u012b 18:00 tie\u0161saist\u0113.\u00a0LOOA valdes s\u0113des ir atkl\u0101tas, t\u0101d\u0113\u013c aicin\u0101m LOOA biedrus, kas v\u0113las piedal\u012bties s\u0113d\u0113, s\u016bt\u012bt zi\u0146u uz LOOA e-pastu looasociacija@gmail.com.<\/p>\n","protected":false},"excerpt":{"rendered":"<p>2024. gada 19. mart\u0101 notika k\u0101rt\u0113j\u0101 LOOA valdes s\u0113de. Darba k\u0101rt\u012bba: 1. Paveiktais kop\u0161 iepriek\u0161\u0113j\u0101s valdes s\u0113des Aizpild\u012bta starptautiska anketa par att\u0101lin\u0101to redzes p\u0101rbau\u017eu veik\u0161anu Latvij\u0101, LOOA biedriem p\u0101rs\u016bt\u012bta anketa &#8230;<\/p>\n","protected":false},"author":4,"featured_media":2268,"comment_status":"open","ping_status":"open","sticky":false,"template":"","format":"standard","meta":{"footnotes":""},"categories":[1],"tags":[],"class_list":["post-2267","post","type-post","status-publish","format-standard","has-post-thumbnail","hentry","category-uncategorized"],"_links":{"self":[{"href":"https:\/\/optometrija.lv\/index.php?rest_route=\/wp\/v2\/posts\/2267","targetHints":{"allow":["GET"]}}],"collection":[{"href":"https:\/\/optometrija.lv\/index.php?rest_route=\/wp\/v2\/posts"}],"about":[{"href":"https:\/\/optometrija.lv\/index.php?rest_route=\/wp\/v2\/types\/post"}],"author":[{"embeddable":true,"href":"https:\/\/optometrija.lv\/index.php?rest_route=\/wp\/v2\/users\/4"}],"replies":[{"embeddable":true,"href":"https:\/\/optometrija.lv\/index.php?rest_route=%2Fwp%2Fv2%2Fcomments&post=2267"}],"version-history":[{"count":1,"href":"https:\/\/optometrija.lv\/index.php?rest_route=\/wp\/v2\/posts\/2267\/revisions"}],"predecessor-version":[{"id":2269,"href":"https:\/\/optometrija.lv\/index.php?rest_route=\/wp\/v2\/posts\/2267\/revisions\/2269"}],"wp:featuredmedia":[{"embeddable":true,"href":"https:\/\/optometrija.lv\/index.php?rest_route=\/wp\/v2\/media\/2268"}],"wp:attachment":[{"href":"https:\/\/optometrija.lv\/index.php?rest_route=%2Fwp%2Fv2%2Fmedia&parent=2267"}],"wp:term":[{"taxonomy":"category","embeddable":true,"href":"https:\/\/optometrija.lv\/index.php?rest_route=%2Fwp%2Fv2%2Fcategories&post=2267"},{"taxonomy":"post_tag","embeddable":true,"href":"https:\/\/optometrija.lv\/index.php?rest_route=%2Fwp%2Fv2%2Ftags&post=2267"}],"curies":[{"name":"wp","href":"https:\/\/api.w.org\/{rel}","templated":true}]}}