{"id":2356,"date":"2024-05-15T12:26:13","date_gmt":"2024-05-15T09:26:13","guid":{"rendered":"https:\/\/optometrija.lv\/?p=2356"},"modified":"2024-05-15T12:26:13","modified_gmt":"2024-05-15T09:26:13","slug":"latvijas-samariesu-apvieniba-piedava-darbu-optometristam","status":"publish","type":"post","link":"https:\/\/optometrija.lv\/?p=2356","title":{"rendered":"Latvijas Samarie\u0161u apvien\u012bba pied\u0101v\u0101 darbu optometristam"},"content":{"rendered":"\n<figure class=\"wp-block-image size-large\"><img loading=\"lazy\" decoding=\"async\" width=\"1024\" height=\"188\" src=\"https:\/\/optometrija.lv\/wp-content\/uploads\/2024\/05\/LSA-1024x188.jpg\" alt=\"\" class=\"wp-image-2357\" srcset=\"https:\/\/optometrija.lv\/wp-content\/uploads\/2024\/05\/LSA-1024x188.jpg 1024w, https:\/\/optometrija.lv\/wp-content\/uploads\/2024\/05\/LSA-300x55.jpg 300w, https:\/\/optometrija.lv\/wp-content\/uploads\/2024\/05\/LSA-768x141.jpg 768w, https:\/\/optometrija.lv\/wp-content\/uploads\/2024\/05\/LSA.jpg 1090w\" sizes=\"auto, (max-width: 1024px) 100vw, 1024px\" \/><\/figure>\n\n\n\n<p class=\"has-text-align-center\"><strong>Biedr\u012bbas \u201cLatvijas Samarie\u0161u apvien\u012bba\u201d<\/strong> <strong>\u0100rstu medic\u012bnisk\u0101 komisija <\/strong>(R\u012bg\u0101 Bauskas iel\u0101 86)<\/p>\n\n\n\n<p class=\"has-text-align-center\">aicina darb\u0101&nbsp;<strong><em>optometristu<\/em><\/strong><\/p>\n\n\n\n<p>pilna vai nepilna laika darb\u0101 ar iesp\u0113ju apvienot darbus vai m\u0101c\u012bbas.&nbsp;<\/p>\n\n\n\n<p>Galvenie pien\u0101kumi:&nbsp;<\/p>\n\n\n\n<p>veikt vesel\u012bbas p\u0101rbaudes un izv\u0113rt\u0113t pacientu medic\u012bnisko pretindik\u0101ciju transportl\u012bdzek\u013ca vad\u012b\u0161anai, iero\u010du n\u0113s\u0101\u0161anas at\u013caujas ieg\u016b\u0161anai, darba pien\u0101kumu veik\u0161anai esam\u012bbu sav\u0101 specialit\u0101t\u0113;&nbsp;<\/p>\n\n\n\n<p>dot sl\u0113dzienu par personas vesel\u012bbas st\u0101vok\u013ca atbilst\u012bbu attiec\u012bgas transporta l\u012bdzek\u013cu kategorijas vad\u012b\u0161anai,&nbsp;iero\u010du n\u0113s\u0101\u0161anas at\u013caujas ieg\u016b\u0161anai, darba pien\u0101kumu veik\u0161anai&nbsp;atbilsto\u0161i, izsnieg\u0161anas br\u012bd\u012b, sp\u0113k\u0101 eso\u0161ajam kontrindik\u0101ciju sarakstam un likumdo\u0161an\u0101 noteiktajai vesel\u012bbas p\u0101rbau\u017eu veik\u0161anas k\u0101rt\u012bbai.<\/p>\n\n\n\n<p><strong>Pied\u0101v\u0101jam:<\/strong><\/p>\n\n\n\n<p>&#8211;&nbsp;&nbsp;&nbsp;&nbsp;&nbsp;&nbsp;&nbsp;&nbsp;&nbsp;Soci\u0101l\u0101s garantijas.<\/p>\n\n\n\n<p>&#8211;&nbsp; &nbsp; &nbsp; &nbsp; &nbsp;Atsauc\u012bgu un draudz\u012bgu kolekt\u012bvu.<\/p>\n\n\n\n<p>&#8211;&nbsp; &nbsp; &nbsp; &nbsp; &nbsp;Stundas likme 15,00 EUR (pirms nodok\u013cu nomaksas) par faktiski nostr\u0101d\u0101to darba laiku.<\/p>\n\n\n\n<p>&#8211;&nbsp;&nbsp;&nbsp;&nbsp;&nbsp;&nbsp;&nbsp;&nbsp; Darba vietu R\u012bg\u0101 Bauskas iel\u0101 86.<\/p>\n\n\n\n<p>&nbsp;<strong>Pras\u012bbas:<\/strong><\/p>\n\n\n\n<p>&#8211;&nbsp;&nbsp;&nbsp;&nbsp;&nbsp;&nbsp;&nbsp;&nbsp;&nbsp;Optometrista diploms,&nbsp;ieg\u016bts sertifik\u0101ts specialit\u0101t\u0113 vai rezidents. Re\u0123istr\u0113ts \u0100rstniec\u012bbas personu re\u0123istr\u0101.<\/p>\n\n\n\n<p>&#8211;&nbsp;&nbsp;&nbsp;&nbsp;&nbsp;&nbsp;&nbsp;&nbsp;&nbsp;Prasme pie\u0146emt l\u0113mumus un izr\u0101d\u012bt iniciat\u012bvu.<\/p>\n\n\n\n<p>&#8211;&nbsp;&nbsp;&nbsp;&nbsp;&nbsp;&nbsp;&nbsp;&nbsp;&nbsp;Prasme organiz\u0113t darba procesu.<\/p>\n\n\n\n<p>&#8211;&nbsp;&nbsp;&nbsp;&nbsp;&nbsp;&nbsp;&nbsp;&nbsp;&nbsp;Labas komunik\u0101cijas sp\u0113jas.<\/p>\n\n\n\n<p>&#8211;&nbsp;&nbsp;&nbsp;&nbsp;&nbsp;&nbsp;&nbsp;&nbsp;&nbsp;Sp\u0113ja str\u0101d\u0101t patst\u0101v\u012bgi.<\/p>\n\n\n\n<p>&#8211;&nbsp;&nbsp;&nbsp;&nbsp;&nbsp;&nbsp;&nbsp;&nbsp;&nbsp;Augsta atbild\u012bbas saj\u016bta, precizit\u0101te.<\/p>\n\n\n\n<p>CV un motiv\u0101cijas v\u0113stuli s\u016bt\u012bt uz e-pastu medkomisija@samariesi.lv.<\/p>\n\n\n\n<p>S\u012bk\u0101ka inform\u0101cija pa t\u0101lruni 67627653.<\/p>\n","protected":false},"excerpt":{"rendered":"<p>Biedr\u012bbas \u201cLatvijas Samarie\u0161u apvien\u012bba\u201d \u0100rstu medic\u012bnisk\u0101 komisija (R\u012bg\u0101 Bauskas iel\u0101 86) aicina darb\u0101&nbsp;optometristu pilna vai nepilna laika darb\u0101 ar iesp\u0113ju apvienot darbus vai m\u0101c\u012bbas.&nbsp; Galvenie pien\u0101kumi:&nbsp; veikt vesel\u012bbas p\u0101rbaudes un &#8230;<\/p>\n","protected":false},"author":4,"featured_media":2358,"comment_status":"open","ping_status":"open","sticky":false,"template":"","format":"standard","meta":{"footnotes":""},"categories":[19],"tags":[],"class_list":["post-2356","post","type-post","status-publish","format-standard","has-post-thumbnail","hentry","category-sludinajumi"],"_links":{"self":[{"href":"https:\/\/optometrija.lv\/index.php?rest_route=\/wp\/v2\/posts\/2356","targetHints":{"allow":["GET"]}}],"collection":[{"href":"https:\/\/optometrija.lv\/index.php?rest_route=\/wp\/v2\/posts"}],"about":[{"href":"https:\/\/optometrija.lv\/index.php?rest_route=\/wp\/v2\/types\/post"}],"author":[{"embeddable":true,"href":"https:\/\/optometrija.lv\/index.php?rest_route=\/wp\/v2\/users\/4"}],"replies":[{"embeddable":true,"href":"https:\/\/optometrija.lv\/index.php?rest_route=%2Fwp%2Fv2%2Fcomments&post=2356"}],"version-history":[{"count":1,"href":"https:\/\/optometrija.lv\/index.php?rest_route=\/wp\/v2\/posts\/2356\/revisions"}],"predecessor-version":[{"id":2359,"href":"https:\/\/optometrija.lv\/index.php?rest_route=\/wp\/v2\/posts\/2356\/revisions\/2359"}],"wp:featuredmedia":[{"embeddable":true,"href":"https:\/\/optometrija.lv\/index.php?rest_route=\/wp\/v2\/media\/2358"}],"wp:attachment":[{"href":"https:\/\/optometrija.lv\/index.php?rest_route=%2Fwp%2Fv2%2Fmedia&parent=2356"}],"wp:term":[{"taxonomy":"category","embeddable":true,"href":"https:\/\/optometrija.lv\/index.php?rest_route=%2Fwp%2Fv2%2Fcategories&post=2356"},{"taxonomy":"post_tag","embeddable":true,"href":"https:\/\/optometrija.lv\/index.php?rest_route=%2Fwp%2Fv2%2Ftags&post=2356"}],"curies":[{"name":"wp","href":"https:\/\/api.w.org\/{rel}","templated":true}]}}