{"id":3070,"date":"2025-10-19T18:42:23","date_gmt":"2025-10-19T16:42:23","guid":{"rendered":"https:\/\/optometrija.lv\/?p=3070"},"modified":"2025-10-19T18:42:23","modified_gmt":"2025-10-19T16:42:23","slug":"jaunumi-no-ecoo-generalas-asamblejas","status":"publish","type":"post","link":"https:\/\/optometrija.lv\/?p=3070","title":{"rendered":"Jaunumi no ECOO \u0123ener\u0101l\u0101s asamblejas"},"content":{"rendered":"\n<p>\u0160aj\u0101 ned\u0113\u013cas nogal\u0113 no 2025. gada 17. l\u012bdz 19. oktobrim notika k\u0101rt\u0113j\u0101 Eiropas Optometrijas un optikas padomes (ECOO \u2013 <em>European Council of Optometry and Optics<\/em>) \u0123ener\u0101l\u0101 asambleja. Ap\u016blij\u0101, It\u0101lij\u0101 Latvijas Optometristu un opti\u0137u asoci\u0101ciju p\u0101rst\u0101v\u0113ja t\u0101s prezidente Aiga \u0160vede. \u0160\u012b tik\u0161an\u0101s reize bija \u012bpa\u0161a, jo biedru vid\u016b tika uz\u0146emtas 4 jaunas valstis, tostarp \u2013 Lietuva un Igaunija. Latvija ECOO ir p\u0101rst\u0101v\u0113ta kop\u0161 2024. gada. L\u012bdz ar to pirmo reizi ECOO vienlaic\u012bgi ir visas Baltijas valstis. <\/p>\n\n\n\n<figure class=\"wp-block-gallery has-nested-images columns-default is-cropped wp-block-gallery-1 is-layout-flex wp-block-gallery-is-layout-flex\">\n<figure class=\"wp-block-image size-large\"><img loading=\"lazy\" decoding=\"async\" width=\"576\" height=\"1024\" data-id=\"3071\" src=\"https:\/\/optometrija.lv\/wp-content\/uploads\/2025\/10\/WhatsApp-Image-2025-10-19-at-19.15.51-576x1024.jpeg\" alt=\"\" class=\"wp-image-3071\" srcset=\"https:\/\/optometrija.lv\/wp-content\/uploads\/2025\/10\/WhatsApp-Image-2025-10-19-at-19.15.51-576x1024.jpeg 576w, https:\/\/optometrija.lv\/wp-content\/uploads\/2025\/10\/WhatsApp-Image-2025-10-19-at-19.15.51-169x300.jpeg 169w, https:\/\/optometrija.lv\/wp-content\/uploads\/2025\/10\/WhatsApp-Image-2025-10-19-at-19.15.51-768x1365.jpeg 768w, https:\/\/optometrija.lv\/wp-content\/uploads\/2025\/10\/WhatsApp-Image-2025-10-19-at-19.15.51-864x1536.jpeg 864w, https:\/\/optometrija.lv\/wp-content\/uploads\/2025\/10\/WhatsApp-Image-2025-10-19-at-19.15.51.jpeg 900w\" sizes=\"auto, (max-width: 576px) 100vw, 576px\" \/><\/figure>\n\n\n\n<figure class=\"wp-block-image size-large\"><img loading=\"lazy\" decoding=\"async\" width=\"576\" height=\"1024\" data-id=\"3072\" src=\"https:\/\/optometrija.lv\/wp-content\/uploads\/2025\/10\/WhatsApp-Image-2025-10-19-at-19.15.35-576x1024.jpeg\" alt=\"\" class=\"wp-image-3072\" srcset=\"https:\/\/optometrija.lv\/wp-content\/uploads\/2025\/10\/WhatsApp-Image-2025-10-19-at-19.15.35-576x1024.jpeg 576w, https:\/\/optometrija.lv\/wp-content\/uploads\/2025\/10\/WhatsApp-Image-2025-10-19-at-19.15.35-169x300.jpeg 169w, https:\/\/optometrija.lv\/wp-content\/uploads\/2025\/10\/WhatsApp-Image-2025-10-19-at-19.15.35-768x1365.jpeg 768w, https:\/\/optometrija.lv\/wp-content\/uploads\/2025\/10\/WhatsApp-Image-2025-10-19-at-19.15.35-864x1536.jpeg 864w, https:\/\/optometrija.lv\/wp-content\/uploads\/2025\/10\/WhatsApp-Image-2025-10-19-at-19.15.35.jpeg 900w\" sizes=\"auto, (max-width: 576px) 100vw, 576px\" \/><\/figure>\n<\/figure>\n\n\n\n<p>Att\u0113l\u0101 pa kreisi &#8211; LOOA prezidente Aiga \u0160vede, att\u0113l\u0101 pa labi visu 3 Baltijas valstu optometrijas un optikas nozaru asoci\u0101ciju p\u0101rst\u0101ves ECOO \u0123ener\u0101laj\u0101 asamblej\u0101 Ap\u016blij\u0101, It\u0101lij\u0101 2025. gada 19. oktobr\u012b (no kreis\u0101s: Rasa Palevi\u010diene (Lietuva), Katriine Mark (Igaunija), Aiga \u0160vede (Latvija), Vaida Ka\u010dergiene (Lietuva)).<\/p>\n\n\n\n<figure class=\"wp-block-gallery has-nested-images columns-default is-cropped wp-block-gallery-2 is-layout-flex wp-block-gallery-is-layout-flex\">\n<figure class=\"wp-block-image size-large\"><img loading=\"lazy\" decoding=\"async\" width=\"1024\" height=\"768\" data-id=\"3073\" src=\"https:\/\/optometrija.lv\/wp-content\/uploads\/2025\/10\/20251019_090150-1024x768.jpg\" alt=\"\" class=\"wp-image-3073\" srcset=\"https:\/\/optometrija.lv\/wp-content\/uploads\/2025\/10\/20251019_090150-1024x768.jpg 1024w, https:\/\/optometrija.lv\/wp-content\/uploads\/2025\/10\/20251019_090150-300x225.jpg 300w, https:\/\/optometrija.lv\/wp-content\/uploads\/2025\/10\/20251019_090150-768x576.jpg 768w, https:\/\/optometrija.lv\/wp-content\/uploads\/2025\/10\/20251019_090150-1536x1152.jpg 1536w, https:\/\/optometrija.lv\/wp-content\/uploads\/2025\/10\/20251019_090150-2048x1536.jpg 2048w\" sizes=\"auto, (max-width: 1024px) 100vw, 1024px\" \/><\/figure>\n\n\n\n<figure class=\"wp-block-image size-large\"><img loading=\"lazy\" decoding=\"async\" width=\"1024\" height=\"768\" data-id=\"3074\" src=\"https:\/\/optometrija.lv\/wp-content\/uploads\/2025\/10\/20251019_091153-1024x768.jpg\" alt=\"\" class=\"wp-image-3074\" srcset=\"https:\/\/optometrija.lv\/wp-content\/uploads\/2025\/10\/20251019_091153-1024x768.jpg 1024w, https:\/\/optometrija.lv\/wp-content\/uploads\/2025\/10\/20251019_091153-300x225.jpg 300w, https:\/\/optometrija.lv\/wp-content\/uploads\/2025\/10\/20251019_091153-768x576.jpg 768w, https:\/\/optometrija.lv\/wp-content\/uploads\/2025\/10\/20251019_091153-1536x1152.jpg 1536w, https:\/\/optometrija.lv\/wp-content\/uploads\/2025\/10\/20251019_091153-2048x1536.jpg 2048w\" sizes=\"auto, (max-width: 1024px) 100vw, 1024px\" \/><\/figure>\n<\/figure>\n\n\n\n<p>Igaunijas un Lietuvas kol\u0113\u0123i prezent\u0113 savas valstis un to optometristu asoci\u0101cijas ECOO \u0123ener\u0101laj\u0101 asamblej\u0101 Ap\u016blij\u0101, It\u0101lij\u0101, 2025. gada 19. oktobr\u012b.<\/p>\n","protected":false},"excerpt":{"rendered":"<p>\u0160aj\u0101 ned\u0113\u013cas nogal\u0113 no 2025. gada 17. l\u012bdz 19. oktobrim notika k\u0101rt\u0113j\u0101 Eiropas Optometrijas un optikas padomes (ECOO \u2013 European Council of Optometry and Optics) \u0123ener\u0101l\u0101 asambleja. Ap\u016blij\u0101, It\u0101lij\u0101 Latvijas &#8230;<\/p>\n","protected":false},"author":4,"featured_media":3075,"comment_status":"open","ping_status":"open","sticky":false,"template":"","format":"standard","meta":{"footnotes":""},"categories":[1],"tags":[],"class_list":["post-3070","post","type-post","status-publish","format-standard","has-post-thumbnail","hentry","category-uncategorized"],"_links":{"self":[{"href":"https:\/\/optometrija.lv\/index.php?rest_route=\/wp\/v2\/posts\/3070","targetHints":{"allow":["GET"]}}],"collection":[{"href":"https:\/\/optometrija.lv\/index.php?rest_route=\/wp\/v2\/posts"}],"about":[{"href":"https:\/\/optometrija.lv\/index.php?rest_route=\/wp\/v2\/types\/post"}],"author":[{"embeddable":true,"href":"https:\/\/optometrija.lv\/index.php?rest_route=\/wp\/v2\/users\/4"}],"replies":[{"embeddable":true,"href":"https:\/\/optometrija.lv\/index.php?rest_route=%2Fwp%2Fv2%2Fcomments&post=3070"}],"version-history":[{"count":1,"href":"https:\/\/optometrija.lv\/index.php?rest_route=\/wp\/v2\/posts\/3070\/revisions"}],"predecessor-version":[{"id":3076,"href":"https:\/\/optometrija.lv\/index.php?rest_route=\/wp\/v2\/posts\/3070\/revisions\/3076"}],"wp:featuredmedia":[{"embeddable":true,"href":"https:\/\/optometrija.lv\/index.php?rest_route=\/wp\/v2\/media\/3075"}],"wp:attachment":[{"href":"https:\/\/optometrija.lv\/index.php?rest_route=%2Fwp%2Fv2%2Fmedia&parent=3070"}],"wp:term":[{"taxonomy":"category","embeddable":true,"href":"https:\/\/optometrija.lv\/index.php?rest_route=%2Fwp%2Fv2%2Fcategories&post=3070"},{"taxonomy":"post_tag","embeddable":true,"href":"https:\/\/optometrija.lv\/index.php?rest_route=%2Fwp%2Fv2%2Ftags&post=3070"}],"curies":[{"name":"wp","href":"https:\/\/api.w.org\/{rel}","templated":true}]}}