{"id":3252,"date":"2026-03-02T11:24:22","date_gmt":"2026-03-02T09:24:22","guid":{"rendered":"https:\/\/optometrija.lv\/?p=3252"},"modified":"2026-03-02T11:24:22","modified_gmt":"2026-03-02T09:24:22","slug":"aslimnicas-oftalmologijas-klinikas-seminars-world-glaucoma-week-2026","status":"publish","type":"post","link":"https:\/\/optometrija.lv\/?p=3252","title":{"rendered":"Aslimn\u012bcas Oftalmolo\u0123ijas kl\u012bnikas semin\u0101rs \u201cWorld Glaucoma Week 2026\u201d"},"content":{"rendered":"\n<p>\u201cAslimn\u012bcas M\u0101c\u012bbu centrs\u201d aicina re\u0123istr\u0113ties&nbsp;<strong>Austrumu slimn\u012bcas Oftalmolo\u0123ijas kl\u012bnikas semin\u0101ram \u201cWorld Glaucoma Week 2026\u201d&nbsp;<\/strong>kas norisin\u0101sies&nbsp;<strong>2026. gada 11<\/strong><strong>. mart\u0101 plkst.<\/strong><strong><em>&nbsp;<\/em>16.00-20.10&nbsp;<\/strong>&nbsp;Stacion\u0101ra \u201cBi\u0137ernieki\u201d konferen\u010du z\u0101l\u0113 un Zoom platform\u0101.<\/p>\n\n\n\n<p><strong>M\u0113r\u0137auditorija<\/strong>:&nbsp;oftalmologi un citu specialit\u0101\u0161u \u0101rsti, optometristi<\/p>\n\n\n\n<p><strong>Dal\u012bba pas\u0101kum\u0101:&nbsp;<\/strong><\/p>\n\n\n\n<p>&#8211; kl\u0101tien\u0113&nbsp;(visiem dal\u012bbniekiem):<strong>&nbsp;bez maksas&nbsp;<\/strong><\/p>\n\n\n\n<p>&#8211;&nbsp;tie\u0161saist\u0113&nbsp;(visiem dal\u012bbniekiem):<strong>&nbsp;20 EUR<\/strong><\/p>\n\n\n\n<p><strong>Par dal\u012bbu tiks pie\u0161\u0137irti&nbsp;4.7&nbsp;TIP<\/strong><\/p>\n\n\n\n<p><strong>Programma:&nbsp;<\/strong><a href=\"https:\/\/ej.uz\/6o3k\" target=\"_blank\" rel=\"noreferrer noopener\"><strong>https:\/\/ej.uz\/6o3k<\/strong><\/a><\/p>\n\n\n\n<p><strong>Re\u0123istr\u0101cija \u0161eit:&nbsp;<\/strong><a href=\"https:\/\/forms.gle\/GVmbLmEdk7DKv1AUA\" target=\"_blank\" rel=\"noreferrer noopener\"><strong>https:\/\/forms.gle\/GVmbLmEdk7DKv1AUA<\/strong><\/a><strong><\/strong><\/p>\n\n\n\n<p>T\u0101l\u0101kizgl\u012bt\u012bbas punkti tiek pie\u0161\u0137irti pas\u0101kuma dal\u012bbniekiem, kuri piesl\u0113dzoties Zoom, nor\u0101d\u012bju\u0161i visus nepiecie\u0161amos datus, k\u0101 ar\u012b tie\u0161saist\u0113 piedal\u012bju\u0161ies\u00a0<strong>visu<\/strong>\u00a0pas\u0101kuma laiku.<\/p>\n\n\n\n<figure class=\"wp-block-image size-large\"><img loading=\"lazy\" decoding=\"async\" width=\"1024\" height=\"576\" src=\"https:\/\/optometrija.lv\/wp-content\/uploads\/2026\/03\/image001-1024x576.png\" alt=\"\" class=\"wp-image-3250\" srcset=\"https:\/\/optometrija.lv\/wp-content\/uploads\/2026\/03\/image001-1024x576.png 1024w, https:\/\/optometrija.lv\/wp-content\/uploads\/2026\/03\/image001-300x169.png 300w, https:\/\/optometrija.lv\/wp-content\/uploads\/2026\/03\/image001-768x432.png 768w, https:\/\/optometrija.lv\/wp-content\/uploads\/2026\/03\/image001-1536x864.png 1536w, https:\/\/optometrija.lv\/wp-content\/uploads\/2026\/03\/image001.png 1920w\" sizes=\"auto, (max-width: 1024px) 100vw, 1024px\" \/><\/figure>\n\n\n\n<p><\/p>\n","protected":false},"excerpt":{"rendered":"<p>\u201cAslimn\u012bcas M\u0101c\u012bbu centrs\u201d aicina re\u0123istr\u0113ties&nbsp;Austrumu slimn\u012bcas Oftalmolo\u0123ijas kl\u012bnikas semin\u0101ram \u201cWorld Glaucoma Week 2026\u201d&nbsp;kas norisin\u0101sies&nbsp;2026. gada 11. mart\u0101 plkst.&nbsp;16.00-20.10&nbsp;&nbsp;Stacion\u0101ra \u201cBi\u0137ernieki\u201d konferen\u010du z\u0101l\u0113 un Zoom platform\u0101. M\u0113r\u0137auditorija:&nbsp;oftalmologi un citu specialit\u0101\u0161u \u0101rsti, optometristi &#8230;<\/p>\n","protected":false},"author":4,"featured_media":3253,"comment_status":"open","ping_status":"open","sticky":false,"template":"","format":"standard","meta":{"footnotes":""},"categories":[20],"tags":[],"class_list":["post-3252","post","type-post","status-publish","format-standard","has-post-thumbnail","hentry","category-pasakumi"],"_links":{"self":[{"href":"https:\/\/optometrija.lv\/index.php?rest_route=\/wp\/v2\/posts\/3252","targetHints":{"allow":["GET"]}}],"collection":[{"href":"https:\/\/optometrija.lv\/index.php?rest_route=\/wp\/v2\/posts"}],"about":[{"href":"https:\/\/optometrija.lv\/index.php?rest_route=\/wp\/v2\/types\/post"}],"author":[{"embeddable":true,"href":"https:\/\/optometrija.lv\/index.php?rest_route=\/wp\/v2\/users\/4"}],"replies":[{"embeddable":true,"href":"https:\/\/optometrija.lv\/index.php?rest_route=%2Fwp%2Fv2%2Fcomments&post=3252"}],"version-history":[{"count":1,"href":"https:\/\/optometrija.lv\/index.php?rest_route=\/wp\/v2\/posts\/3252\/revisions"}],"predecessor-version":[{"id":3254,"href":"https:\/\/optometrija.lv\/index.php?rest_route=\/wp\/v2\/posts\/3252\/revisions\/3254"}],"wp:featuredmedia":[{"embeddable":true,"href":"https:\/\/optometrija.lv\/index.php?rest_route=\/wp\/v2\/media\/3253"}],"wp:attachment":[{"href":"https:\/\/optometrija.lv\/index.php?rest_route=%2Fwp%2Fv2%2Fmedia&parent=3252"}],"wp:term":[{"taxonomy":"category","embeddable":true,"href":"https:\/\/optometrija.lv\/index.php?rest_route=%2Fwp%2Fv2%2Fcategories&post=3252"},{"taxonomy":"post_tag","embeddable":true,"href":"https:\/\/optometrija.lv\/index.php?rest_route=%2Fwp%2Fv2%2Ftags&post=3252"}],"curies":[{"name":"wp","href":"https:\/\/api.w.org\/{rel}","templated":true}]}}